{"id":25,"date":"2024-12-06T07:28:18","date_gmt":"2024-12-06T07:28:18","guid":{"rendered":"https:\/\/blog.sapsc.mx\/?p=25"},"modified":"2024-12-06T16:17:07","modified_gmt":"2024-12-06T16:17:07","slug":"modificacion-a-las-notas-nacionales-de-la-tarifa-de-la-ley-de-impuestos-de-importacion-y-exportacion","status":"publish","type":"post","link":"https:\/\/blog.sapsc.mx\/index.php\/2024\/12\/06\/modificacion-a-las-notas-nacionales-de-la-tarifa-de-la-ley-de-impuestos-de-importacion-y-exportacion\/","title":{"rendered":"Modificaci\u00f3n a las Notas Nacionales de la Tarifa de la Ley de Impuestos de Importaci\u00f3n y Exportaci\u00f3n"},"content":{"rendered":"\n<p class=\"has-medium-font-size\">Acuerdo que modifica al diverso por el que se dan a conocer las Notas Nacionales de la Tarifa de la Ley de los Impuestos Generales de Importaci\u00f3n y de Exportaci\u00f3n<\/p>\n\n\n\n<p><strong>DOF: 06\/07\/2021<\/strong><\/p>\n\n\n\n<p>\u200d<\/p>\n\n\n\n<figure class=\"wp-block-image size-large\"><img loading=\"lazy\" decoding=\"async\" width=\"1024\" height=\"667\" src=\"https:\/\/blog.sapsc.mx\/wp-content\/uploads\/2024\/12\/670623df5f69a857cc92d0dc_frank-mckenna-tjX_sniNzgQ-unsplash-1-1024x667.jpg\" alt=\"\" class=\"wp-image-27\" srcset=\"https:\/\/blog.sapsc.mx\/wp-content\/uploads\/2024\/12\/670623df5f69a857cc92d0dc_frank-mckenna-tjX_sniNzgQ-unsplash-1-1024x667.jpg 1024w, https:\/\/blog.sapsc.mx\/wp-content\/uploads\/2024\/12\/670623df5f69a857cc92d0dc_frank-mckenna-tjX_sniNzgQ-unsplash-1-300x196.jpg 300w, https:\/\/blog.sapsc.mx\/wp-content\/uploads\/2024\/12\/670623df5f69a857cc92d0dc_frank-mckenna-tjX_sniNzgQ-unsplash-1-768x501.jpg 768w, https:\/\/blog.sapsc.mx\/wp-content\/uploads\/2024\/12\/670623df5f69a857cc92d0dc_frank-mckenna-tjX_sniNzgQ-unsplash-1-1536x1001.jpg 1536w, https:\/\/blog.sapsc.mx\/wp-content\/uploads\/2024\/12\/670623df5f69a857cc92d0dc_frank-mckenna-tjX_sniNzgQ-unsplash-1-2048x1335.jpg 2048w\" sizes=\"auto, (max-width: 1024px) 100vw, 1024px\" \/><\/figure>\n\n\n\n<p>Al margen, un sello con el Escudo Nacional que dice: Estados Unidos Mexicanos.- HACIENDA.- Secretar\u00eda de Hacienda y Cr\u00e9dito P\u00fablico.- ECONOM\u00cdA.- Secretar\u00eda de Econom\u00eda.<\/p>\n\n\n\n<p>Con fundamento en los art\u00edculos 31, fracci\u00f3n XXXII y 34, fracci\u00f3n XXXIII de la Ley Org\u00e1nica de la Administraci\u00f3n P\u00fablica Federal; 4o., fracci\u00f3n III, 5o., fracci\u00f3n XII y XIII y 6o. de la Ley de Comercio Exterior; 2o., fracci\u00f3n II, Regla Complementaria 3\u00aa de la Ley de los Impuestos Generales de Importaci\u00f3n y de Exportaci\u00f3n; 9o., fracciones XI y XV del Reglamento de la Ley de Comercio Exterior; 5, fracci\u00f3n XVII del Reglamento Interior de la Secretar\u00eda de Econom\u00eda; 6, fracci\u00f3n VII del Reglamento Interior de la Secretar\u00eda de Hacienda y Cr\u00e9dito P\u00fablico, y<\/p>\n\n\n\n<p>\u200d<\/p>\n\n\n\n<h6 class=\"wp-block-heading\"><strong>CONSIDERANDO<\/strong><\/h6>\n\n\n\n<p>Que el 1 de julio de 2020 se public\u00f3 en el Diario Oficial de la Federaci\u00f3n (DOF) la Ley de los Impuestos Generales de Importaci\u00f3n y de Exportaci\u00f3n (LIGIE), en la que se establece la Tarifa arancelaria aplicable a la importaci\u00f3n y exportaci\u00f3n de mercanc\u00edas en territorio nacional, la cual ha sido modificada mediante Decretos publicados en el mismo \u00f3rgano de difusi\u00f3n oficial el 24 de diciembre de 2020 y el 22 de febrero de 2021.<\/p>\n\n\n\n<p>Que de conformidad con el Art\u00edculo 2o., fracci\u00f3n II, de la Regla Complementaria 3\u00aa de la LIGIE, para los efectos de interpretaci\u00f3n y aplicaci\u00f3n de la Tarifa de dicha Ley, la Secretar\u00eda de Econom\u00eda, conjuntamente con la de Hacienda y Cr\u00e9dito P\u00fablico, dar\u00e1n a conocer, mediante Acuerdos publicados en el DOF, las Notas Nacionales, as\u00ed como sus modificaciones posteriores, cuya aplicaci\u00f3n es obligatoria para determinar la clasificaci\u00f3n arancelaria de las mercanc\u00edas.<\/p>\n\n\n\n<p>Que el 24 de diciembre de 2020 se public\u00f3 en el DOF la Resoluci\u00f3n que modifica los Anexos 2, 3 y 4 de la diversa que establece el mecanismo para garantizar el pago de contribuciones en mercanc\u00edas sujetas a precios estimados por la Secretar\u00eda de Hacienda y Cr\u00e9dito P\u00fablico, a efecto de continuar con el combate de las pr\u00e1cticas de subvaluaci\u00f3n de veh\u00edculos usados y en los sectores calzado, textil y confecci\u00f3n (Resoluci\u00f3n).<\/p>\n\n\n\n<p>Que mediante dicha Resoluci\u00f3n, se dieron a conocer, entre otros, los precios estimados para el Cap\u00edtulo 64: Calzado, polainas y art\u00edculos an\u00e1logos; partes de estos art\u00edculos de la LIGIE, los cuales en la descripci\u00f3n del NICO distinguen entre tallas para hombres o j\u00f3venes, para mujeres o jovencitas, y para ni\u00f1os, ni\u00f1as o infantes.<\/p>\n\n\n\n<p>Que el 26 de diciembre de 2020 se public\u00f3 en el DOF el Acuerdo por el que se dan a conocer las Notas Nacionales de la Tarifa de la Ley de los Impuestos Generales de Importaci\u00f3n y de Exportaci\u00f3n (Acuerdo).<\/p>\n\n\n\n<p>Que actualmente la Nota Nacional 4 del Cap\u00edtulo 64: \u00abCalzado, polainas y art\u00edculos an\u00e1logos; partes de estos art\u00edculos\u00bb de la Secci\u00f3n XII: \u00abCalzado, sombreros y dem\u00e1s tocados, paraguas, quitasoles, bastones, l\u00e1tigos, fustas, y sus partes; plumas preparadas y art\u00edculos de plumas; flores artificiales; manufacturas de cabello\u00bb del Acuerdo, agrupa en un solo inciso las tallas de calzado para ni\u00f1os, ni\u00f1as o infantes, por lo que con la finalidad de brindar certeza a los particulares en la clasificaci\u00f3n arancelaria de esta mercanc\u00eda es necesario modificar la misma para definir tallas para ni\u00f1os o ni\u00f1as e infantes por separado, conforme a la Resoluci\u00f3n.<\/p>\n\n\n\n<p>Que en cumplimiento a lo se\u00f1alado por la Ley de Comercio Exterior, las disposiciones a las que se refiere el presente instrumento fueron sometidas a consideraci\u00f3n de la Comisi\u00f3n de Comercio Exterior y opinadas por la misma, por lo que se expide el siguiente:<\/p>\n\n\n\n<p>\u200d<\/p>\n\n\n\n<h5 class=\"wp-block-heading\"><strong>ACUERDO QUE MODIFICA AL DIVERSO POR EL QUE SE DAN A CONOCER LAS NOTAS NACIONALES DE LA TARIFA DE LA LEY DE LOS IMPUESTOS GENERALES DE IMPORTACI\u00d3N Y DE EXPORTACI\u00d3N<\/strong><\/h5>\n\n\n\n<p><strong>\u00danico.<\/strong> Se reforma el inciso c) y se adiciona un inciso d), pasando los actuales incisos d) y e) a ser los incisos e) y f), en la Nota Nacional 4 del Cap\u00edtulo 64: Calzado, polainas y art\u00edculos an\u00e1logos; partes de estos art\u00edculos de la Secci\u00f3n XII: Calzado, sombreros y dem\u00e1s tocados, paraguas, quitasoles, bastones, l\u00e1tigos, fustas, y sus partes; plumas preparadas y art\u00edculos de plumas; flores artificiales; manufacturas de cabello del Acuerdo por el que se dan a conocer las Notas Nacionales de la Tarifa de la Ley de los Impuestos Generales de Importaci\u00f3n y de Exportaci\u00f3n, publicado en el Diario Oficial de la Federaci\u00f3n el 26 de diciembre de 2020, para quedar como a continuaci\u00f3n se indica:<\/p>\n\n\n\n<p>\u200d<\/p>\n\n\n\n<h6 class=\"wp-block-heading\"><strong>Secci\u00f3n XII<\/strong><\/h6>\n\n\n\n<h6 class=\"wp-block-heading\">&#8230;<\/h6>\n\n\n\n<h6 class=\"wp-block-heading\"><strong>Cap\u00edtulo 64<\/strong><\/h6>\n\n\n\n<h6 class=\"wp-block-heading\">&#8230;<\/h6>\n\n\n\n<h6 class=\"wp-block-heading\"><strong>Notas Nacionales:<\/strong><\/h6>\n\n\n\n<ol class=\"wp-block-list\">\n<li>a la 3. &#8230;<\/li>\n\n\n\n<li>&#8230;<\/li>\n<\/ol>\n\n\n\n<p>a) y b) &#8230;<\/p>\n\n\n\n<p>c) Calzado para ni\u00f1os o ni\u00f1as, el de talla mexicana igual o superior a 17 (equivalente a la talla 8-1\/2 de Estados Unidos de Am\u00e9rica [E.U.A.]), pero inferior a lo se\u00f1alado en las notas precedentes a) y b);<\/p>\n\n\n\n<p>d) Calzado para infantes, el de talla mexicana inferior a lo se\u00f1alado en las notas precedentes a), b) y c);<\/p>\n\n\n\n<p>e) Calzado de construcci\u00f3n \u00abWelt\u00bb, el que se elabora uniendo durante el proceso de montado el corte, la planta y el cerco por medio de una costura, m\u00e1s una segunda costura exterior que une la suela y\/o entresuela al bloque anterior;<\/p>\n\n\n\n<p>f) Partes superiores (cortes) de calzado sin formar ni moldear, los que hayan sido cosidos, incluido el cosido por la parte de abajo, pero no montados, modelados, conformados o moldeados por cualquier procedimiento.<\/p>\n\n\n\n<p>\u200d<\/p>\n\n\n\n<h6 class=\"wp-block-heading\"><strong>TRANSITORIO<\/strong><\/h6>\n\n\n\n<p><strong>\u00danico.<\/strong> El presente Acuerdo entrar\u00e1 en vigor el d\u00eda siguiente al de su publicaci\u00f3n en el Diario Oficial de la Federaci\u00f3n.<\/p>\n\n\n\n<p>Ciudad de M\u00e9xico, a 29 de junio de 2021.- El Secretario de Hacienda y Cr\u00e9dito P\u00fablico, Arturo Herrera Guti\u00e9rrez.- R\u00fabrica.- La Secretaria de Econom\u00eda, Tatiana Clouthier Carrillo.- R\u00fabrica.<\/p>\n","protected":false},"excerpt":{"rendered":"<p>Aclaraci\u00f3n en la clasificaci\u00f3n arancelaria del calzado, separando las tallas para ni\u00f1os, ni\u00f1as e infantes en el Cap\u00edtulo 64.<\/p>\n","protected":false},"author":1,"featured_media":26,"comment_status":"closed","ping_status":"closed","sticky":false,"template":"","format":"standard","meta":{"footnotes":""},"categories":[26],"tags":[20,19,18,13,14,11,17],"class_list":["post-25","post","type-post","status-publish","format-standard","has-post-thumbnail","hentry","category-boletines","tag-calzado","tag-exportacion","tag-importacion","tag-ley","tag-reglamento","tag-reglas","tag-tarifas","bwp-blog-post","bwp-masonry-item","bwp-col-3","bwp-post-has-title"],"_links":{"self":[{"href":"https:\/\/blog.sapsc.mx\/index.php\/wp-json\/wp\/v2\/posts\/25","targetHints":{"allow":["GET"]}}],"collection":[{"href":"https:\/\/blog.sapsc.mx\/index.php\/wp-json\/wp\/v2\/posts"}],"about":[{"href":"https:\/\/blog.sapsc.mx\/index.php\/wp-json\/wp\/v2\/types\/post"}],"author":[{"embeddable":true,"href":"https:\/\/blog.sapsc.mx\/index.php\/wp-json\/wp\/v2\/users\/1"}],"replies":[{"embeddable":true,"href":"https:\/\/blog.sapsc.mx\/index.php\/wp-json\/wp\/v2\/comments?post=25"}],"version-history":[{"count":1,"href":"https:\/\/blog.sapsc.mx\/index.php\/wp-json\/wp\/v2\/posts\/25\/revisions"}],"predecessor-version":[{"id":28,"href":"https:\/\/blog.sapsc.mx\/index.php\/wp-json\/wp\/v2\/posts\/25\/revisions\/28"}],"wp:featuredmedia":[{"embeddable":true,"href":"https:\/\/blog.sapsc.mx\/index.php\/wp-json\/wp\/v2\/media\/26"}],"wp:attachment":[{"href":"https:\/\/blog.sapsc.mx\/index.php\/wp-json\/wp\/v2\/media?parent=25"}],"wp:term":[{"taxonomy":"category","embeddable":true,"href":"https:\/\/blog.sapsc.mx\/index.php\/wp-json\/wp\/v2\/categories?post=25"},{"taxonomy":"post_tag","embeddable":true,"href":"https:\/\/blog.sapsc.mx\/index.php\/wp-json\/wp\/v2\/tags?post=25"}],"curies":[{"name":"wp","href":"https:\/\/api.w.org\/{rel}","templated":true}]}}